{"id":6748,"date":"2016-02-09T12:37:48","date_gmt":"2016-02-09T11:37:48","guid":{"rendered":"http:\/\/www.ceismurcia.org\/?p=6748"},"modified":"2024-10-24T16:49:42","modified_gmt":"2024-10-24T14:49:42","slug":"presentado-el-proyecto-de-nuevo-parque-de-bomberos-en-lorca","status":"publish","type":"post","link":"https:\/\/www.ceismurcia.org\/?p=6748","title":{"rendered":"Presentado el proyecto de nuevo parque de bomberos en Lorca"},"content":{"rendered":"<p><a href=\"https:\/\/www.ceismurcia.org\/wp-content\/uploads\/2016\/02\/ConsejeraCEISLorca.jpg\" class=\"hoverBorder aligncenter\" rel=\"attachment wp-att-6749\"><img loading=\"lazy\" decoding=\"async\" class=\" wp-image-6749 size-full\" src=\"https:\/\/www.ceismurcia.org\/wp-content\/uploads\/2016\/02\/ConsejeraCEISLorca.jpg\" alt=\"ConsejeraCEISLorca\" width=\"2048\" height=\"1365\" srcset=\"https:\/\/www.ceismurcia.org\/wp-content\/uploads\/2016\/02\/ConsejeraCEISLorca.jpg 2048w, https:\/\/www.ceismurcia.org\/wp-content\/uploads\/2016\/02\/ConsejeraCEISLorca-300x200.jpg 300w, https:\/\/www.ceismurcia.org\/wp-content\/uploads\/2016\/02\/ConsejeraCEISLorca-768x512.jpg 768w, https:\/\/www.ceismurcia.org\/wp-content\/uploads\/2016\/02\/ConsejeraCEISLorca-1024x683.jpg 1024w, https:\/\/www.ceismurcia.org\/wp-content\/uploads\/2016\/02\/ConsejeraCEISLorca-280x187.jpg 280w, https:\/\/www.ceismurcia.org\/wp-content\/uploads\/2016\/02\/ConsejeraCEISLorca-1170x780.jpg 1170w\" sizes=\"auto, (max-width: 2048px) 100vw, 2048px\" \/><\/a><\/p>\n<p>La consejera de Presidencia, Mar\u00eda Dolores Pag\u00e1n, ha presentado\u00a0el proyecto del nuevo parque de bomberos de Lorca que, con una inversi\u00f3n de 1,8 millones de euros, atender\u00e1 de una forma directa a las poblaciones de Lorca y Puerto Lumbreras, que suman m\u00e1s de 100.000 habitantes, pero que tendr\u00e1 un \u00e1rea de influencia superior a los 300.000 habitantes al servir de apoyo a 12 poblaciones m\u00e1s.<br \/>\nLas nuevas instalaciones tendr\u00e1n una superficie \u00fatil de 3.000 metros cuadrados y contar\u00e1n con tres edificios: nave de garaje para veh\u00edculos de extinci\u00f3n y veh\u00edculos particulares de trabajadores; torre de pr\u00e1cticas de trabajos en altura; y edificio social, donde estar\u00e1n las dependencias de uso tanto administrativo, vestuarios, cocina-comedor, aulas de formaci\u00f3n y espacios de uso de habitabilidad y convivencia.<br \/>\nLa nave de garaje se desarrolla en planta baja y s\u00f3tano; la torre de pr\u00e1cticas en 5-7 alturas y s\u00f3tano; y el edificio social en dos alturas: en planta baja dependencias de d\u00eda, como comedor, cocina, vestuarios, gimnasio o sala de comunicaciones, y en la planta superior las dependencias de descanso y formaci\u00f3n.<br \/>\nLa disposici\u00f3n de las edificaciones en la parcela permite aumentar la zona de revisi\u00f3n y pr\u00e1cticas con respecto al parque antiguo, y tambi\u00e9n la zona social aumenta de superficie y contar\u00e1 con dependencias m\u00e1s actualizadas en equipamientos.<br \/>\nMar\u00eda Dolores Pag\u00e1n declar\u00f3 que la voluntad del Gobierno regional es la de dotar a la ciudad, a la comarca y a toda su \u00e1rea de influencia del parque de bomberos \u201cm\u00e1s moderno, m\u00e1s c\u00f3modo y mejor dotado\u201d, que contar\u00e1 con todos los requerimientos determinados en materia de edificaci\u00f3n sismo-resistente, y que mejora al que exist\u00eda hasta su clausura por los da\u00f1os causados por los terremotos.<br \/>\nEl inicio de la fase de contrataci\u00f3n de las obras ha estado supeditado a la aprobaci\u00f3n de los Presupuestos Generales de la Regi\u00f3n de Murcia, y la licitaci\u00f3n tendr\u00e1 que publicarse en el Diario Oficial de la Uni\u00f3n Europea (DOCE).<br \/>\nLa consejera explic\u00f3 que mientras se ejecutan las obras, y tal como anunci\u00f3 en diciembre, ya se han realizado las reformas que requer\u00edan las actuales instalaciones que han consistido en la reparaci\u00f3n de la rampa y la impermeabilizaci\u00f3n de la cubierta, entre otras.<\/p>\n<p>Puede verse un v\u00eddeo que recrea virtualmente c\u00f3mo ser\u00e1n las instalaciones haciendo clic <a href=\"https:\/\/www.youtube.com\/watch?v=4iMPzbujVP0&amp;feature=youtu.be\" target=\"_blank\" rel=\"noopener\">AQU\u00cd<\/a><\/p>\n<p>&nbsp;<\/p>\n","protected":false},"excerpt":{"rendered":"<p>La consejera de Presidencia, Mar\u00eda Dolores Pag\u00e1n, ha presentado\u00a0el proyecto del nuevo parque de bomberos de Lorca que, con una inversi\u00f3n de 1,8 millones de euros, atender\u00e1 de una forma directa a las poblaciones de Lorca y Puerto Lumbreras, que suman m\u00e1s de 100.000 habitantes, pero que tendr\u00e1 un \u00e1rea de influencia superior a los<\/p>\n","protected":false},"author":2,"featured_media":0,"comment_status":"closed","ping_status":"closed","sticky":false,"template":"","format":"standard","meta":{"footnotes":""},"categories":[3],"tags":[],"class_list":["post-6748","post","type-post","status-publish","format-standard","hentry","category-latest-posts"],"_links":{"self":[{"href":"https:\/\/www.ceismurcia.org\/index.php?rest_route=\/wp\/v2\/posts\/6748","targetHints":{"allow":["GET"]}}],"collection":[{"href":"https:\/\/www.ceismurcia.org\/index.php?rest_route=\/wp\/v2\/posts"}],"about":[{"href":"https:\/\/www.ceismurcia.org\/index.php?rest_route=\/wp\/v2\/types\/post"}],"author":[{"embeddable":true,"href":"https:\/\/www.ceismurcia.org\/index.php?rest_route=\/wp\/v2\/users\/2"}],"replies":[{"embeddable":true,"href":"https:\/\/www.ceismurcia.org\/index.php?rest_route=%2Fwp%2Fv2%2Fcomments&post=6748"}],"version-history":[{"count":3,"href":"https:\/\/www.ceismurcia.org\/index.php?rest_route=\/wp\/v2\/posts\/6748\/revisions"}],"predecessor-version":[{"id":7864,"href":"https:\/\/www.ceismurcia.org\/index.php?rest_route=\/wp\/v2\/posts\/6748\/revisions\/7864"}],"wp:attachment":[{"href":"https:\/\/www.ceismurcia.org\/index.php?rest_route=%2Fwp%2Fv2%2Fmedia&parent=6748"}],"wp:term":[{"taxonomy":"category","embeddable":true,"href":"https:\/\/www.ceismurcia.org\/index.php?rest_route=%2Fwp%2Fv2%2Fcategories&post=6748"},{"taxonomy":"post_tag","embeddable":true,"href":"https:\/\/www.ceismurcia.org\/index.php?rest_route=%2Fwp%2Fv2%2Ftags&post=6748"}],"curies":[{"name":"wp","href":"https:\/\/api.w.org\/{rel}","templated":true}]}}