{"id":6752,"date":"2016-02-12T17:51:43","date_gmt":"2016-02-12T16:51:43","guid":{"rendered":"http:\/\/www.ceismurcia.org\/?p=6752"},"modified":"2024-10-24T16:49:38","modified_gmt":"2024-10-24T14:49:38","slug":"bomberos-del-ceis-participaron-en-la-celebracion-del-dia-europeo-del-1-1-2","status":"publish","type":"post","link":"https:\/\/www.ceismurcia.org\/?p=6752","title":{"rendered":"Bomberos del CEIS participaron en la celebraci\u00f3n del D\u00eda Europeo del 1-1-2"},"content":{"rendered":"<p><a href=\"https:\/\/www.ceismurcia.org\/wp-content\/uploads\/2016\/02\/IMG-20160211-WA0007.jpg\" class=\"hoverBorder aligncenter\" rel=\"attachment wp-att-6755\"><img loading=\"lazy\" decoding=\"async\" class=\"wp-image-6755 size-large \" src=\"https:\/\/www.ceismurcia.org\/wp-content\/uploads\/2016\/02\/IMG-20160211-WA0007-1024x614.jpg\" alt=\"IMG-20160211-WA0007\" width=\"1024\" height=\"614\" srcset=\"https:\/\/www.ceismurcia.org\/wp-content\/uploads\/2016\/02\/IMG-20160211-WA0007-1024x614.jpg 1024w, https:\/\/www.ceismurcia.org\/wp-content\/uploads\/2016\/02\/IMG-20160211-WA0007-300x180.jpg 300w, https:\/\/www.ceismurcia.org\/wp-content\/uploads\/2016\/02\/IMG-20160211-WA0007-768x461.jpg 768w, https:\/\/www.ceismurcia.org\/wp-content\/uploads\/2016\/02\/IMG-20160211-WA0007-280x168.jpg 280w, https:\/\/www.ceismurcia.org\/wp-content\/uploads\/2016\/02\/IMG-20160211-WA0007-1170x702.jpg 1170w, https:\/\/www.ceismurcia.org\/wp-content\/uploads\/2016\/02\/IMG-20160211-WA0007.jpg 1600w\" sizes=\"auto, (max-width: 1024px) 100vw, 1024px\" \/><\/a><\/p>\n<p>El\u00a0Consorcio de Extinci\u00f3n de Incendios y Salvamento de la Regi\u00f3n de Murcia (CEIS) particip\u00f3 en los actos conmemorativos del D\u00eda Europeo del 1-1-2, celebrados el jueves, 11 de febrero, en la Plaza del Cardenal Belluga, en Murcia, organizados por la Consejer\u00eda de Presidencia del Gobierno regional. All\u00ed, diversos colectivos relacionados con las emergencias, tales como agrupaciones de voluntarios de Protecci\u00f3n Civil, grupos de voluntarios especialistas (en comunicaciones, rescate en monta\u00f1a, rescate subacu\u00e1tico, unidad canina),\u00a0Cruz Roja y Polic\u00eda Local, entre otros, exhibieron material y habilidades ante ni\u00f1os y mayores que se congregaron en la c\u00e9ntrica plaza murciana.<\/p>\n<p>El CEIS estuvo presente con una dotaci\u00f3n de bomberos, veh\u00edculo con brazo articulado para rescate en altura y una autobomba urbana. Los ni\u00f1os que participaron en la actividad con los bomberos vistieron casco y equipaci\u00f3n y fueron obsequiados con regalos.<\/p>\n<p>A la exhibici\u00f3n asistieron el presidente de la Comunidad Aut\u00f3noma, Pedro Antonio S\u00e1nchez, el delegado del Gobierno en la Regi\u00f3n de Murcia, Antonio S\u00e1nchez-Sol\u00eds, la consejera de Presidencia y presidenta del CEIS, Mar\u00eda Dolores Pag\u00e1n, el director general de Seguridad Ciudadana y Emergencias y vicepresidente ejecutivo del CEIS, Manuel Dur\u00e1n, y el gerente del CEIS, Alfonso Ram\u00f3n Garc\u00eda, adem\u00e1s del alcalde de Murcia, Jos\u00e9 Ballesta,\u00a0y\u00a0la consejera de Sanidad, Encarna Guill\u00e9n.<\/p>\n","protected":false},"excerpt":{"rendered":"<p>El\u00a0Consorcio de Extinci\u00f3n de Incendios y Salvamento de la Regi\u00f3n de Murcia (CEIS) particip\u00f3 en los actos conmemorativos del D\u00eda Europeo del 1-1-2, celebrados el jueves, 11 de febrero, en la Plaza del Cardenal Belluga, en Murcia, organizados por la Consejer\u00eda de Presidencia del Gobierno regional. All\u00ed, diversos colectivos relacionados con las emergencias, tales como<\/p>\n","protected":false},"author":2,"featured_media":0,"comment_status":"closed","ping_status":"closed","sticky":false,"template":"","format":"standard","meta":{"footnotes":""},"categories":[3],"tags":[],"class_list":["post-6752","post","type-post","status-publish","format-standard","hentry","category-latest-posts"],"_links":{"self":[{"href":"https:\/\/www.ceismurcia.org\/index.php?rest_route=\/wp\/v2\/posts\/6752","targetHints":{"allow":["GET"]}}],"collection":[{"href":"https:\/\/www.ceismurcia.org\/index.php?rest_route=\/wp\/v2\/posts"}],"about":[{"href":"https:\/\/www.ceismurcia.org\/index.php?rest_route=\/wp\/v2\/types\/post"}],"author":[{"embeddable":true,"href":"https:\/\/www.ceismurcia.org\/index.php?rest_route=\/wp\/v2\/users\/2"}],"replies":[{"embeddable":true,"href":"https:\/\/www.ceismurcia.org\/index.php?rest_route=%2Fwp%2Fv2%2Fcomments&post=6752"}],"version-history":[{"count":3,"href":"https:\/\/www.ceismurcia.org\/index.php?rest_route=\/wp\/v2\/posts\/6752\/revisions"}],"predecessor-version":[{"id":6757,"href":"https:\/\/www.ceismurcia.org\/index.php?rest_route=\/wp\/v2\/posts\/6752\/revisions\/6757"}],"wp:attachment":[{"href":"https:\/\/www.ceismurcia.org\/index.php?rest_route=%2Fwp%2Fv2%2Fmedia&parent=6752"}],"wp:term":[{"taxonomy":"category","embeddable":true,"href":"https:\/\/www.ceismurcia.org\/index.php?rest_route=%2Fwp%2Fv2%2Fcategories&post=6752"},{"taxonomy":"post_tag","embeddable":true,"href":"https:\/\/www.ceismurcia.org\/index.php?rest_route=%2Fwp%2Fv2%2Ftags&post=6752"}],"curies":[{"name":"wp","href":"https:\/\/api.w.org\/{rel}","templated":true}]}}