{"id":7065,"date":"2018-02-21T11:57:08","date_gmt":"2018-02-21T10:57:08","guid":{"rendered":"http:\/\/www.ceismurcia.org\/?p=7065"},"modified":"2024-10-24T16:47:13","modified_gmt":"2024-10-24T14:47:13","slug":"el-consorcio-recibe-el-reconocimiento-de-los-alcazares-por-su-actuacion-durante-las-inundaciones-de-2016","status":"publish","type":"post","link":"https:\/\/www.ceismurcia.org\/?p=7065","title":{"rendered":"El Consorcio recibe el reconocimiento de Los Alc\u00e1zares por su actuaci\u00f3n durante las inundaciones de 2016"},"content":{"rendered":"<p><a href=\"https:\/\/www.ceismurcia.org\/?attachment_id=7066\" rel=\"attachment wp-att-7066\"><img loading=\"lazy\" decoding=\"async\" class=\"alignnone size-large wp-image-7066\" src=\"https:\/\/www.ceismurcia.org\/wp-content\/uploads\/2018\/02\/CEIS-1-1024x576.jpg\" alt=\"\" width=\"1024\" height=\"576\" srcset=\"https:\/\/www.ceismurcia.org\/wp-content\/uploads\/2018\/02\/CEIS-1.jpg 1024w, https:\/\/www.ceismurcia.org\/wp-content\/uploads\/2018\/02\/CEIS-1-300x169.jpg 300w, https:\/\/www.ceismurcia.org\/wp-content\/uploads\/2018\/02\/CEIS-1-768x432.jpg 768w, https:\/\/www.ceismurcia.org\/wp-content\/uploads\/2018\/02\/CEIS-1-280x158.jpg 280w\" sizes=\"auto, (max-width: 1024px) 100vw, 1024px\" \/><\/a><\/p>\n<p>El director t\u00e9cnico del Consorcio de Extinci\u00f3n de Incendios y Salvamento de la Regi\u00f3n de Murcia y el sargento jefe del parque de bomberos del Mar Menor recibieron el pasado domingo el reconocimiento del Ayuntamiento de Los Alc\u00e1zares por la actuaci\u00f3n de los bomberos del CEIS durante las inundaciones que ese municipio padeci\u00f3 los d\u00edas 19 y 20 de diciembre de 2016 y que causaron la muerte de dos personas y cuantiosos da\u00f1os materiales.<\/p>\n<p>El domingo, d\u00eda 18 de febrero, se celebr\u00f3 un acto conmemorativo en el pabell\u00f3n municipal \u00ab13 de octubre\u00bb de Los Alc\u00e1zares. Durante el mismo, el Ayuntamiento de la localidad rindi\u00f3 homenaje y entreg\u00f3 placas de agradecimiento a los servicios de emergencias y cuantas organizaciones intervinieron tanto para atender la inundaci\u00f3n como para ayudar a que la localidad recobrara la normalidad. En nombre del CEIS recogieron sendas placas el director t\u00e9cnico del Consorcio, Antonio Codina, y el sargento jefe del parque de bomberos, Eleuterio Ram\u00f3n.<\/p>\n","protected":false},"excerpt":{"rendered":"<p>El director t\u00e9cnico del Consorcio de Extinci\u00f3n de Incendios y Salvamento de la Regi\u00f3n de Murcia y el sargento jefe del parque de bomberos del Mar Menor recibieron el pasado domingo el reconocimiento del Ayuntamiento de Los Alc\u00e1zares por la actuaci\u00f3n de los bomberos del CEIS durante las inundaciones que ese municipio padeci\u00f3 los d\u00edas<\/p>\n","protected":false},"author":2,"featured_media":7067,"comment_status":"closed","ping_status":"closed","sticky":false,"template":"","format":"standard","meta":{"footnotes":""},"categories":[3],"tags":[116,20,48,74,114,115],"class_list":["post-7065","post","type-post","status-publish","format-standard","has-post-thumbnail","hentry","category-latest-posts","tag-116","tag-bomberos","tag-consorcio","tag-inundaciones","tag-los-alcazares","tag-reconocimiento"],"_links":{"self":[{"href":"https:\/\/www.ceismurcia.org\/index.php?rest_route=\/wp\/v2\/posts\/7065","targetHints":{"allow":["GET"]}}],"collection":[{"href":"https:\/\/www.ceismurcia.org\/index.php?rest_route=\/wp\/v2\/posts"}],"about":[{"href":"https:\/\/www.ceismurcia.org\/index.php?rest_route=\/wp\/v2\/types\/post"}],"author":[{"embeddable":true,"href":"https:\/\/www.ceismurcia.org\/index.php?rest_route=\/wp\/v2\/users\/2"}],"replies":[{"embeddable":true,"href":"https:\/\/www.ceismurcia.org\/index.php?rest_route=%2Fwp%2Fv2%2Fcomments&post=7065"}],"version-history":[{"count":1,"href":"https:\/\/www.ceismurcia.org\/index.php?rest_route=\/wp\/v2\/posts\/7065\/revisions"}],"predecessor-version":[{"id":7068,"href":"https:\/\/www.ceismurcia.org\/index.php?rest_route=\/wp\/v2\/posts\/7065\/revisions\/7068"}],"wp:featuredmedia":[{"embeddable":true,"href":"https:\/\/www.ceismurcia.org\/index.php?rest_route=\/wp\/v2\/media\/7067"}],"wp:attachment":[{"href":"https:\/\/www.ceismurcia.org\/index.php?rest_route=%2Fwp%2Fv2%2Fmedia&parent=7065"}],"wp:term":[{"taxonomy":"category","embeddable":true,"href":"https:\/\/www.ceismurcia.org\/index.php?rest_route=%2Fwp%2Fv2%2Fcategories&post=7065"},{"taxonomy":"post_tag","embeddable":true,"href":"https:\/\/www.ceismurcia.org\/index.php?rest_route=%2Fwp%2Fv2%2Ftags&post=7065"}],"curies":[{"name":"wp","href":"https:\/\/api.w.org\/{rel}","templated":true}]}}