{"id":7150,"date":"2018-10-15T14:11:00","date_gmt":"2018-10-15T12:11:00","guid":{"rendered":"http:\/\/www.ceismurcia.org\/?p=7150"},"modified":"2024-10-24T16:46:51","modified_gmt":"2024-10-24T14:46:51","slug":"bomberos-ensenan-a-escolares-y-mayores-de-archena-a-evitar-incendios-en-casa","status":"publish","type":"post","link":"https:\/\/www.ceismurcia.org\/?p=7150","title":{"rendered":"Bomberos ense\u00f1an a escolares y mayores de Archena a evitar incendios en casa"},"content":{"rendered":"<p>Unos 1.500 escolares y personas mayores de Archena aprender\u00e1n de los bomberos del Consorcio de Extinci\u00f3n de Incendios y Salvamento de la Regi\u00f3n de Murcia (CEIS), dependientes de la Consejer\u00eda de Presidencia, a evitar incendios y a actuar en caso de producirse uno. \u00c9ste es el objeto de la celebraci\u00f3n de la XIII Semana de la Prevenci\u00f3n de Incendios que organizan el CEIS, la Asociaci\u00f3n Profesional de T\u00e9cnicos de Bomberos (APTB) y la Fundaci\u00f3n Mapfre, y que tendr\u00e1 lugar desde hoy hasta el pr\u00f3ximo viernes, d\u00eda 19, en el municipio.<\/p>\n<p>Este evento se celebra a lo largo del a\u00f1o en varios lugares de la Regi\u00f3n de Murcia y, en esta edici\u00f3n, tiene lugar en Archena y San Javier (el a\u00f1o pasado tuvo lugar en Jumilla y Mazarr\u00f3n).<\/p>\n<p>El consejero de Presidencia, Pedro Rivera, se\u00f1al\u00f3 que \u00abel objetivo es trasladar a la poblaci\u00f3n, mediante charlas y demostraciones, conocimientos para la prevenci\u00f3n de incendios y consejos acerca de c\u00f3mo actuar en caso de que se produzcan\u00bb.<\/p>\n<p>Durante esta semana se har\u00e1 hincapi\u00e9 en la instalaci\u00f3n de detectores de humo en casa, \u00abpues cuestan poco, son f\u00e1ciles de instalar y salvan vidas al alertar, mediante un sonido estridente, de la presencia de humo en casa\u00bb, subray\u00f3. Para mostrar su utilidad, la Federaci\u00f3n Regional de Empresarios del Metal de Murcia (FREMM) repartir\u00e1 de forma gratuita medio centenar de detectores.<\/p>\n<p>El consejero incidi\u00f3 en la necesidad de seguir formando y concienciando a la poblaci\u00f3n, principalmente a los m\u00e1s propensos a ser v\u00edctimas de incendios en viviendas, insistiendo en instar a la precauci\u00f3n en el uso de velas, estufas y braseros, as\u00ed como en lo que se refiere a las instalaciones el\u00e9ctricas (enchufes sobrecargados o cableados defectuosos, entre otros), principales causas del incendio en los hogares.<\/p>\n<p>Durante 2017, los bomberos del CEIS realizaron un total de 4.459 intervenciones, de las cuales 96 fueron en el municipio de Archena. Las incidencias atendidas por bomberos m\u00e1s significativas en este municipio durante ese a\u00f1o fueron incendios de ca\u00f1as y matorral (14) e incendios en viviendas, edificios o locales p\u00fablicos (11).<\/p>\n<p><strong>Charlas, simulacro y &#8216;Fiesta de la Prevenci\u00f3n&#8217;<\/strong><\/p>\n<p>Durante la XIII Semana de la Prevenci\u00f3n de Incendios, est\u00e1 previsto que los bomberos impartan charlas en siete centros de Educaci\u00f3n Infantil y Primaria, as\u00ed como en el centro personas mayores del Instituto Murciano de Acci\u00f3n Social (IMAS). Igualmente, se celebrar\u00e1n simulacros de incendio y evacuaciones en dos institutos de Ense\u00f1anza Secundaria.<\/p>\n<p>La semana concluir\u00e1 con una &#8216;Fiesta de la Prevenci\u00f3n&#8217;, en la que los bomberos del CEIS mostrar\u00e1n su material de lucha contra el fuego, realizar\u00e1n exhibiciones y desarrollar\u00e1n talleres, junto a los peque\u00f1os participantes en la fiesta. Los asistentes podr\u00e1n participar en una carrera de obst\u00e1culos equipados como bomberos, har\u00e1n ejercicios de orientaci\u00f3n en entorno sin visibilidad y observar\u00e1n c\u00f3mo se atiende a las v\u00edctimas de accidentes, entre otras exhibiciones y ejercicios.<\/p>\n<p><a href=\"https:\/\/www.ceismurcia.org\/?attachment_id=7151\" rel=\"attachment wp-att-7151\"><img loading=\"lazy\" decoding=\"async\" class=\"alignnone size-large wp-image-7151\" src=\"https:\/\/www.ceismurcia.org\/wp-content\/uploads\/2018\/10\/Semana-Prevencion-Archena-3-1024x768.jpg\" alt=\"\" width=\"1024\" height=\"768\" srcset=\"https:\/\/www.ceismurcia.org\/wp-content\/uploads\/2018\/10\/Semana-Prevencion-Archena-3-1024x768.jpg 1024w, https:\/\/www.ceismurcia.org\/wp-content\/uploads\/2018\/10\/Semana-Prevencion-Archena-3-300x225.jpg 300w, https:\/\/www.ceismurcia.org\/wp-content\/uploads\/2018\/10\/Semana-Prevencion-Archena-3-768x576.jpg 768w, https:\/\/www.ceismurcia.org\/wp-content\/uploads\/2018\/10\/Semana-Prevencion-Archena-3-249x187.jpg 249w, https:\/\/www.ceismurcia.org\/wp-content\/uploads\/2018\/10\/Semana-Prevencion-Archena-3-1170x878.jpg 1170w\" sizes=\"auto, (max-width: 1024px) 100vw, 1024px\" \/><\/a><\/p>\n","protected":false},"excerpt":{"rendered":"<p>Unos 1.500 escolares y personas mayores de Archena aprender\u00e1n de los bomberos del Consorcio de Extinci\u00f3n de Incendios y Salvamento de la Regi\u00f3n de Murcia (CEIS), dependientes de la Consejer\u00eda de Presidencia, a evitar incendios y a actuar en caso de producirse uno. \u00c9ste es el objeto de la celebraci\u00f3n de la XIII Semana de<\/p>\n","protected":false},"author":2,"featured_media":7153,"comment_status":"closed","ping_status":"closed","sticky":false,"template":"","format":"standard","meta":{"footnotes":""},"categories":[3],"tags":[126,20,29,100,128,71,22,127],"class_list":["post-7150","post","type-post","status-publish","format-standard","has-post-thumbnail","hentry","category-latest-posts","tag-archena","tag-bomberos","tag-ceis","tag-charlas","tag-detectores","tag-incendios","tag-prevencion","tag-simulacros"],"_links":{"self":[{"href":"https:\/\/www.ceismurcia.org\/index.php?rest_route=\/wp\/v2\/posts\/7150","targetHints":{"allow":["GET"]}}],"collection":[{"href":"https:\/\/www.ceismurcia.org\/index.php?rest_route=\/wp\/v2\/posts"}],"about":[{"href":"https:\/\/www.ceismurcia.org\/index.php?rest_route=\/wp\/v2\/types\/post"}],"author":[{"embeddable":true,"href":"https:\/\/www.ceismurcia.org\/index.php?rest_route=\/wp\/v2\/users\/2"}],"replies":[{"embeddable":true,"href":"https:\/\/www.ceismurcia.org\/index.php?rest_route=%2Fwp%2Fv2%2Fcomments&post=7150"}],"version-history":[{"count":1,"href":"https:\/\/www.ceismurcia.org\/index.php?rest_route=\/wp\/v2\/posts\/7150\/revisions"}],"predecessor-version":[{"id":7154,"href":"https:\/\/www.ceismurcia.org\/index.php?rest_route=\/wp\/v2\/posts\/7150\/revisions\/7154"}],"wp:featuredmedia":[{"embeddable":true,"href":"https:\/\/www.ceismurcia.org\/index.php?rest_route=\/wp\/v2\/media\/7153"}],"wp:attachment":[{"href":"https:\/\/www.ceismurcia.org\/index.php?rest_route=%2Fwp%2Fv2%2Fmedia&parent=7150"}],"wp:term":[{"taxonomy":"category","embeddable":true,"href":"https:\/\/www.ceismurcia.org\/index.php?rest_route=%2Fwp%2Fv2%2Fcategories&post=7150"},{"taxonomy":"post_tag","embeddable":true,"href":"https:\/\/www.ceismurcia.org\/index.php?rest_route=%2Fwp%2Fv2%2Ftags&post=7150"}],"curies":[{"name":"wp","href":"https:\/\/api.w.org\/{rel}","templated":true}]}}